{"id":2492,"date":"2016-06-24T09:13:29","date_gmt":"2016-06-24T09:13:29","guid":{"rendered":"http:\/\/www.flamencogranada.org\/fr\/?p=2492"},"modified":"2016-06-24T09:13:51","modified_gmt":"2016-06-24T09:13:51","slug":"chaine-andalucia-flamenco-pour-diffuser-cet-art-dans-le-monde-entier","status":"publish","type":"post","link":"https:\/\/www.cordobaflamenco.org\/fr\/chaine-andalucia-flamenco-pour-diffuser-cet-art-dans-le-monde-entier\/","title":{"rendered":"Cha\u00eene Andaluc\u00eda Flamenco pour diffuser cet art dans le monde entier"},"content":{"rendered":"<div style=\"clear: left;\"><\/div>\n<h2>Cha\u00eene Andaluc\u00eda Flamenco pour diffuser cet art dans le monde entier<\/h2>\n<p style=\"text-align: justify;\">Il a pr\u00e9sent\u00e9 le cha\u00eene\u00a0<strong>Andaluc\u00eda Flamenco<\/strong>, une plate-forme multim\u00e9dia <strong>LRTV 24 heures de flamenco de jour<\/strong>. La pr\u00e9sentation de cette nouvelle accessibilit\u00e9 maximale cha\u00eene th\u00e9matique a \u00e9t\u00e9 r\u00e9alis\u00e9e dans <strong>And\u00fajar (Ja\u00e9n)<\/strong>, o\u00f9 le soir<strong> Andalouse Radio Television<\/strong> recevra le prix <strong>Rafael Romero El Gallina<\/strong>.<\/p>\n<p>&nbsp;<\/p>\n<p style=\"text-align: justify;\">Ce nouveau canal peut \u00eatre consult\u00e9 en<strong> ligne sur leur site officiel<\/strong>:<br \/>\n<strong><a href=\"https:\/\/www.canalandaluciaflamenco.tv\/\" target=\"_blank\">www.canalandaluciaflamenco.tv<\/a><\/strong><\/p>\n<p>&nbsp;<\/p>\n<p style=\"text-align: justify;\">Il dispose \u00e9galement de nombreuses <strong>radio et contenu audiovisuel<\/strong> soient accessibles facilement. Nouvelles du flamenco et de mat\u00e9riel <strong>RTVA\u00a0<\/strong>flamand pr\u00e9cieux a accumul\u00e9 plus de <strong>27 ans d&rsquo;exp\u00e9rience<\/strong>.<\/p>\n<p><img data-recalc-dims=\"1\" loading=\"lazy\" decoding=\"async\" class=\"aligncenter size-full wp-image-2485\" src=\"https:\/\/i0.wp.com\/www.flamencogranada.org\/wp-content\/uploads\/2016\/06\/FlamencoConLogo2.jpg?resize=1000%2C667&#038;ssl=1\" alt=\"FlamencoConLogo2\" width=\"1000\" height=\"667\" srcset=\"https:\/\/i0.wp.com\/www.cordobaflamenco.org\/wp-content\/uploads\/2016\/06\/FlamencoConLogo2.jpg?w=1000&amp;ssl=1 1000w, https:\/\/i0.wp.com\/www.cordobaflamenco.org\/wp-content\/uploads\/2016\/06\/FlamencoConLogo2.jpg?resize=300%2C200&amp;ssl=1 300w, https:\/\/i0.wp.com\/www.cordobaflamenco.org\/wp-content\/uploads\/2016\/06\/FlamencoConLogo2.jpg?resize=768%2C512&amp;ssl=1 768w, https:\/\/i0.wp.com\/www.cordobaflamenco.org\/wp-content\/uploads\/2016\/06\/FlamencoConLogo2.jpg?resize=280%2C187&amp;ssl=1 280w\" sizes=\"auto, (max-width: 1000px) 100vw, 1000px\" \/><\/p>\n","protected":false},"excerpt":{"rendered":"<p>Cha\u00eene Andaluc\u00eda Flamenco pour diffuser cet art dans le monde entier Il a pr\u00e9sent\u00e9 le cha\u00eene\u00a0Andaluc\u00eda Flamenco, une plate-forme multim\u00e9dia LRTV 24 heures de flamenco de jour. La pr\u00e9sentation de cette nouvelle accessibilit\u00e9 maximale cha\u00eene th\u00e9matique a \u00e9t\u00e9 r\u00e9alis\u00e9e dans And\u00fajar (Ja\u00e9n), o\u00f9 le soir Andalouse Radio Television recevra le prix Rafael Romero El Gallina.<\/p>\n","protected":false},"author":4,"featured_media":2483,"comment_status":"closed","ping_status":"open","sticky":false,"template":"","format":"standard","meta":{"jetpack_post_was_ever_published":false,"_jetpack_newsletter_access":"","_jetpack_dont_email_post_to_subs":false,"_jetpack_newsletter_tier_id":0,"_jetpack_memberships_contains_paywalled_content":false,"_jetpack_memberships_contains_paid_content":false,"_joinchat":[],"footnotes":"","jetpack_publicize_message":"","jetpack_publicize_feature_enabled":true,"jetpack_social_post_already_shared":true,"jetpack_social_options":{"image_generator_settings":{"template":"highway","default_image_id":0,"font":"","enabled":false},"version":2}},"categories":[27],"tags":[],"class_list":["post-2492","post","type-post","status-publish","format-standard","has-post-thumbnail","hentry","category-non-classifiee"],"jetpack_publicize_connections":[],"jetpack_featured_media_url":"https:\/\/i0.wp.com\/www.cordobaflamenco.org\/wp-content\/uploads\/2016\/06\/canalandaluciaflamenco.jpg?fit=630%2C252&ssl=1","jetpack_sharing_enabled":true,"jetpack_shortlink":"https:\/\/wp.me\/p8l4PK-Ec","jetpack-related-posts":[],"_links":{"self":[{"href":"https:\/\/www.cordobaflamenco.org\/fr\/wp-json\/wp\/v2\/posts\/2492","targetHints":{"allow":["GET"]}}],"collection":[{"href":"https:\/\/www.cordobaflamenco.org\/fr\/wp-json\/wp\/v2\/posts"}],"about":[{"href":"https:\/\/www.cordobaflamenco.org\/fr\/wp-json\/wp\/v2\/types\/post"}],"author":[{"embeddable":true,"href":"https:\/\/www.cordobaflamenco.org\/fr\/wp-json\/wp\/v2\/users\/4"}],"replies":[{"embeddable":true,"href":"https:\/\/www.cordobaflamenco.org\/fr\/wp-json\/wp\/v2\/comments?post=2492"}],"version-history":[{"count":0,"href":"https:\/\/www.cordobaflamenco.org\/fr\/wp-json\/wp\/v2\/posts\/2492\/revisions"}],"wp:featuredmedia":[{"embeddable":true,"href":"https:\/\/www.cordobaflamenco.org\/fr\/wp-json\/wp\/v2\/media\/2483"}],"wp:attachment":[{"href":"https:\/\/www.cordobaflamenco.org\/fr\/wp-json\/wp\/v2\/media?parent=2492"}],"wp:term":[{"taxonomy":"category","embeddable":true,"href":"https:\/\/www.cordobaflamenco.org\/fr\/wp-json\/wp\/v2\/categories?post=2492"},{"taxonomy":"post_tag","embeddable":true,"href":"https:\/\/www.cordobaflamenco.org\/fr\/wp-json\/wp\/v2\/tags?post=2492"}],"curies":[{"name":"wp","href":"https:\/\/api.w.org\/{rel}","templated":true}]}}