{"id":1839,"date":"2015-12-30T16:35:11","date_gmt":"2015-12-30T16:35:11","guid":{"rendered":"http:\/\/www.flamencogranada.org\/fr\/?p=1839"},"modified":"2015-12-30T16:38:19","modified_gmt":"2015-12-30T16:38:19","slug":"flamenco-2016-nimes","status":"publish","type":"post","link":"https:\/\/www.cordobaflamenco.org\/fr\/flamenco-2016-nimes\/","title":{"rendered":"Flamenco 2016 N\u00eemes"},"content":{"rendered":"<div style=\"clear: left;\"><\/div>\n<h3 style=\"text-align: justify;\">Au c\u0153ur de l\u2019hiver de N\u00eemes, c\u2019est toute une ville qui enfile ses habits de lumi\u00e8res pour proposer au Th\u00e9\u00e2tre Bernadette\u00a0Lafont, \u00e0 l\u2019Od\u00e9on, \u00e0 Paloma mais aussi dans les bars, les restaurants et les h\u00f4tels, autres \u00e2mes vivantes de notre\u00a0commune, un large \u00e9ventail de manifestations et de repr\u00e9sentations.<\/h3>\n<p style=\"text-align: justify;\">En 2016, la programmation du <strong>26e Festival n\u00eemois<\/strong> est, une fois encore, remarquable.<br \/>\nEn <strong>chant<\/strong>, les passionn\u00e9s du <strong>flamenco\u00a0<\/strong>pourront vibrer au son si particulier des voix de<strong> David Lagos<\/strong>, <strong>Gema Caballero<\/strong>, <strong>Jos\u00e9 \u00c1ngel Carmona<\/strong> et <strong>Miguel\u00a0Poveda<\/strong> entre autres\u2026\u00a0En <strong>danse<\/strong>, retrouvez des artistes aussi prestigieux qu\u2019<strong>Andr\u00e9s Mar\u00edn<\/strong>, P<strong>atricia Guerrero <\/strong>ou le <strong>Ballet Flamenco d\u2019Andalousie\u00a0<\/strong>dirig\u00e9 par Rafaela Carrasco.<\/p>\n<p style=\"text-align: justify;\">Rencontre <strong>magique <\/strong>de cette \u00e9dition, <strong>Veronica Vallecillo<\/strong>, interpr\u00e8te et chor\u00e9graphe flamenca virtuose, et <strong>Rapha\u00ebl\u00a0Perraud<\/strong>, super-soliste \u00e0 l\u2019Orchestre National de France, offriront un dialogue inattendu et magique entre les suites\u00a0pour <strong>violoncelle<\/strong>de Bach et la <strong>danse flamenca<\/strong>. A voir et \u00e0 entendre !<\/p>\n<p style=\"text-align: justify;\">Et aussi, un cycle de <strong>conf\u00e9rences<\/strong>, des projections de <strong>films<\/strong>, ou encore de nombreuses\u00a0<strong>expositions <\/strong>seront propos\u00e9s tout au long du Festival \u00e0 destination des<strong>jeunes <\/strong>comme des moins jeunes.\u00a0Durant une dizaine de jours, <strong>N\u00eemes <\/strong>entend, une nouvelle fois, exprimer et partager sa passion pour le flamenco, musique\u00a0inscrite au<strong>Patrimoine mondial culturel et immat\u00e9riel de l\u2019Humanit\u00e9<\/strong>, en offrant une belle f\u00eate dans toute la ville.<\/p>\n<h3>PROGRAMME:<\/h3>\n<p><strong>Vendredi 15 et samedi 16 janvier 2016 \u00e0 20h au Th\u00e9\u00e2tre Bernadette Lafont.<\/strong><br \/>\nDanse : Ballet Flamenco de Andaluc\u00eda<br \/>\nEn la memoria del cante : 1922<\/p>\n<p><strong>Samedi 16 janvier 2016 \u00e0 17h \u00e0 l\u2019Institut Emmanuel d\u2019Alzon.<\/strong><br \/>\nMusique : Gema Caballero<br \/>\nDe Paso en Paso<\/p>\n<p><strong>Dimanche 17 janvier 2016 \u00e0 15h \u00e0 l\u2019Od\u00e9on.<\/strong><br \/>\nDanse : Bach Flamenco<\/p>\n<p><strong>Dimanche 17 janvier 2016 \u00e0 19h \u00e0 Paloma.<\/strong><br \/>\nDanse : Dinast\u00eda de La Casa de \u00abLos Sordera\u00bb<br \/>\nOrtodoxia y Vanguardia<\/p>\n<p><strong>Lundi 18 janvier 2016 \u00e0 20h \u00e0 Paloma.<\/strong><br \/>\nMusique : Miguel de Tena<\/p>\n<p><strong>Mardi 19 janvier 2016 \u00e0 20h au Th\u00e9\u00e2tre Bernadette Lafont.<\/strong><br \/>\nDanse : Andr\u00e9s Mar\u00edn<br \/>\nCarta Blanca<\/p>\n<p><strong>Mercredi 20 janvier 2016 \u00e0 20h au Th\u00e9\u00e2tre Bernadette Lafont.<\/strong><br \/>\nMusique : David Lagos<br \/>\nMade in Jerez<\/p>\n<p><strong>Jeudi 21 janvier 2016 \u00e0 20h au Th\u00e9\u00e2tre Bernadette Lafont.<\/strong><br \/>\nMusique : Ca\u00f1izares<br \/>\nCuarteto Flamenco interpreta a Falla<\/p>\n<p><strong>Vendredi 22 janvier 2016 \u00e0 20h au Th\u00e9\u00e2tre Bernadette Lafont.<\/strong><br \/>\nDanse : Patricia Guerrero<br \/>\nTouch\u00e9<\/p>\n<p><strong>Vendredi 22 janvier 2016 \u00e0 22h30 \u00e0 l\u2019Od\u00e9on.<\/strong><br \/>\nMusique : Pepe Fern\u00e1ndez<\/p>\n<p><strong>Samedi 23 janvier 2016 \u00e0 17h \u00e0 l\u2019Institut Emmanuel d\u2019Alzon.<\/strong><br \/>\nMusique : Jos\u00e9 \u00c1ngel Carmona<\/p>\n<p><strong>Samedi 23 janvier 2016 \u00e0 20h au Th\u00e9\u00e2tre Bernadette Lafont.<\/strong><br \/>\nMusique : Miguel Poveda<br \/>\nRecital de cante<\/p>\n<p>Source: francemusique.fr<\/p>\n","protected":false},"excerpt":{"rendered":"<p>Au c\u0153ur de l\u2019hiver de N\u00eemes, c\u2019est toute une ville qui enfile ses habits de lumi\u00e8res pour proposer au Th\u00e9\u00e2tre Bernadette\u00a0Lafont, \u00e0 l\u2019Od\u00e9on, \u00e0 Paloma mais aussi dans les bars, les restaurants et les h\u00f4tels, autres \u00e2mes vivantes de notre\u00a0commune, un large \u00e9ventail de manifestations et de repr\u00e9sentations. En 2016, la programmation du 26e Festival<\/p>\n","protected":false},"author":4,"featured_media":1840,"comment_status":"open","ping_status":"open","sticky":false,"template":"","format":"standard","meta":{"jetpack_post_was_ever_published":false,"_jetpack_newsletter_access":"","_jetpack_dont_email_post_to_subs":false,"_jetpack_newsletter_tier_id":0,"_jetpack_memberships_contains_paywalled_content":false,"_jetpack_memberships_contains_paid_content":false,"_joinchat":[],"footnotes":"","jetpack_publicize_message":"","jetpack_publicize_feature_enabled":true,"jetpack_social_post_already_shared":false,"jetpack_social_options":{"image_generator_settings":{"template":"highway","default_image_id":0,"font":"","enabled":false},"version":2}},"categories":[27],"tags":[],"class_list":["post-1839","post","type-post","status-publish","format-standard","has-post-thumbnail","hentry","category-non-classifiee"],"jetpack_publicize_connections":[],"jetpack_featured_media_url":"https:\/\/i0.wp.com\/www.cordobaflamenco.org\/wp-content\/uploads\/2015\/12\/fest_flamenco_2016.png?fit=603%2C380&ssl=1","jetpack_sharing_enabled":true,"jetpack_shortlink":"https:\/\/wp.me\/p8l4PK-tF","jetpack-related-posts":[],"_links":{"self":[{"href":"https:\/\/www.cordobaflamenco.org\/fr\/wp-json\/wp\/v2\/posts\/1839","targetHints":{"allow":["GET"]}}],"collection":[{"href":"https:\/\/www.cordobaflamenco.org\/fr\/wp-json\/wp\/v2\/posts"}],"about":[{"href":"https:\/\/www.cordobaflamenco.org\/fr\/wp-json\/wp\/v2\/types\/post"}],"author":[{"embeddable":true,"href":"https:\/\/www.cordobaflamenco.org\/fr\/wp-json\/wp\/v2\/users\/4"}],"replies":[{"embeddable":true,"href":"https:\/\/www.cordobaflamenco.org\/fr\/wp-json\/wp\/v2\/comments?post=1839"}],"version-history":[{"count":0,"href":"https:\/\/www.cordobaflamenco.org\/fr\/wp-json\/wp\/v2\/posts\/1839\/revisions"}],"wp:featuredmedia":[{"embeddable":true,"href":"https:\/\/www.cordobaflamenco.org\/fr\/wp-json\/wp\/v2\/media\/1840"}],"wp:attachment":[{"href":"https:\/\/www.cordobaflamenco.org\/fr\/wp-json\/wp\/v2\/media?parent=1839"}],"wp:term":[{"taxonomy":"category","embeddable":true,"href":"https:\/\/www.cordobaflamenco.org\/fr\/wp-json\/wp\/v2\/categories?post=1839"},{"taxonomy":"post_tag","embeddable":true,"href":"https:\/\/www.cordobaflamenco.org\/fr\/wp-json\/wp\/v2\/tags?post=1839"}],"curies":[{"name":"wp","href":"https:\/\/api.w.org\/{rel}","templated":true}]}}