{"id":3101,"date":"2018-08-07T15:55:47","date_gmt":"2018-08-07T15:55:47","guid":{"rendered":"http:\/\/www.cordobaflamenco.org\/en\/?p=3101"},"modified":"2018-08-07T16:05:37","modified_gmt":"2018-08-07T16:05:37","slug":"festival-de-cante-grande-de-puente-genil","status":"publish","type":"post","link":"https:\/\/www.cordobaflamenco.org\/en\/festival-de-cante-grande-de-puente-genil\/","title":{"rendered":"Festival de Cante Grande de Puente Genil"},"content":{"rendered":"<p>The singers Manuel Moreno &#8220;El Pele&#8221;, La Macanita, Juli\u00e1n Estrada, Pedro &#8220;El Grana\u00edno&#8221; and Roc\u00edo Luna, winner of the Golden Medal contest 2018, along with the dance of Rafael del Pino &#8220;Keko&#8221;, are part of the poster announcing the 52nd Festival of Cante Grande &#8220;Fosforito&#8221; by Puente Genil, to be held on August 14th in homage to the singer Manuel Jim\u00e9nez Rejano.<\/p>\n<p>The festival is completed with the performance of great tasters and flamenco singers, an appointment that will be presented by the flamencologist Juan Ortega Chac\u00f3n.<\/p>\n<p>The festival will begin at 22.30, at the Agust\u00edn Rodr\u00edguez School.<\/p>\n","protected":false},"excerpt":{"rendered":"<p>The singers Manuel Moreno &#8220;El Pele&#8221;, La Macanita, Juli\u00e1n Estrada, Pedro &#8220;El Grana\u00edno&#8221; and Roc\u00edo Luna, winner of the Golden Medal contest 2018, along with the dance of Rafael del Pino &#8220;Keko&#8221;, are part of the poster announcing the 52nd Festival of Cante Grande &#8220;Fosforito&#8221; by Puente Genil, to be held on August 14th in<\/p>\n","protected":false},"author":4,"featured_media":3099,"comment_status":"open","ping_status":"open","sticky":false,"template":"","format":"standard","meta":{"jetpack_post_was_ever_published":false,"_jetpack_newsletter_access":"","_jetpack_dont_email_post_to_subs":false,"_jetpack_newsletter_tier_id":0,"_jetpack_memberships_contains_paywalled_content":false,"_jetpack_memberships_contains_paid_content":false,"_joinchat":[],"footnotes":"","jetpack_publicize_message":"","jetpack_publicize_feature_enabled":true,"jetpack_social_post_already_shared":true,"jetpack_social_options":{"image_generator_settings":{"template":"highway","default_image_id":0,"font":"","enabled":false},"version":2}},"categories":[26],"tags":[],"class_list":["post-3101","post","type-post","status-publish","format-standard","has-post-thumbnail","hentry","category-uncategorized"],"jetpack_publicize_connections":[],"jetpack_featured_media_url":"https:\/\/i0.wp.com\/www.cordobaflamenco.org\/wp-content\/uploads\/2018\/08\/14889614957306.jpg?fit=660%2C428&ssl=1","jetpack_sharing_enabled":true,"jetpack_shortlink":"https:\/\/wp.me\/p8l4PK-O1","jetpack-related-posts":[],"_links":{"self":[{"href":"https:\/\/www.cordobaflamenco.org\/en\/wp-json\/wp\/v2\/posts\/3101","targetHints":{"allow":["GET"]}}],"collection":[{"href":"https:\/\/www.cordobaflamenco.org\/en\/wp-json\/wp\/v2\/posts"}],"about":[{"href":"https:\/\/www.cordobaflamenco.org\/en\/wp-json\/wp\/v2\/types\/post"}],"author":[{"embeddable":true,"href":"https:\/\/www.cordobaflamenco.org\/en\/wp-json\/wp\/v2\/users\/4"}],"replies":[{"embeddable":true,"href":"https:\/\/www.cordobaflamenco.org\/en\/wp-json\/wp\/v2\/comments?post=3101"}],"version-history":[{"count":1,"href":"https:\/\/www.cordobaflamenco.org\/en\/wp-json\/wp\/v2\/posts\/3101\/revisions"}],"predecessor-version":[{"id":3102,"href":"https:\/\/www.cordobaflamenco.org\/en\/wp-json\/wp\/v2\/posts\/3101\/revisions\/3102"}],"wp:featuredmedia":[{"embeddable":true,"href":"https:\/\/www.cordobaflamenco.org\/en\/wp-json\/wp\/v2\/media\/3099"}],"wp:attachment":[{"href":"https:\/\/www.cordobaflamenco.org\/en\/wp-json\/wp\/v2\/media?parent=3101"}],"wp:term":[{"taxonomy":"category","embeddable":true,"href":"https:\/\/www.cordobaflamenco.org\/en\/wp-json\/wp\/v2\/categories?post=3101"},{"taxonomy":"post_tag","embeddable":true,"href":"https:\/\/www.cordobaflamenco.org\/en\/wp-json\/wp\/v2\/tags?post=3101"}],"curies":[{"name":"wp","href":"https:\/\/api.w.org\/{rel}","templated":true}]}}